{"id":1127,"date":"0201-11-21T21:23:49","date_gmt":"0201-11-21T21:23:49","guid":{"rendered":"http:\/\/vasquezabogados.com\/estudio\/?p=1127"},"modified":"2020-06-10T01:16:14","modified_gmt":"2020-06-10T01:16:14","slug":"convencion-internacional-para-la-proteccion-contra-la-desaparicion-forzada-de-personas","status":"publish","type":"post","link":"https:\/\/vasquezabogados.com\/estudio\/0201\/11\/21\/convencion-internacional-para-la-proteccion-contra-la-desaparicion-forzada-de-personas\/","title":{"rendered":"CONVENCION INTERNACIONAL PARA LA PROTECCION CONTRA LA DESAPARICION FORZADA DE PERSONAS"},"content":{"rendered":"<p style=\"text-align: justify;\">La Resoluci\u00f3n Legislativa No. 29894 del&nbsp; 06 de Julio 2012 publicada el 09 de noviembre 2012&nbsp; aprueba la Convenci\u00f3n Internacional&nbsp; Para La Protecci\u00f3n De Todas Las Personas Contra La Desaparici\u00f3n Forzada De Personas adoptada en Nueva York el 20 de Diciembre del a\u00f1o 2006 que entr\u00f3 en vigor para el Per\u00fa el 26 de Octubre del 2012 &nbsp;al ser ratificada mediante Decreto Supremo No. 040-2012-RE del&nbsp; 16 de agosto 2012.<\/p>\n<p style=\"text-align: justify;\">La historia muestra que la pr\u00e1ctica de desaparici\u00f3n forzada de personas ha sido empleada como un procedimiento de represi\u00f3n por parte de reg\u00edmenes pol\u00edticos autoritarios. En Am\u00e9rica Latina, la desaparici\u00f3n forzada de personas se&nbsp; extendi\u00f3&nbsp; durante&nbsp; las d\u00e9cadas de los sesenta, setenta y ochenta, especialmente en pa\u00edses que experimentaron&nbsp; conflictos armados internos, como Chile, Argentina, Uruguay, Hait\u00ed, Guatemala, Nicaragua, El Salvador, Brasil, Honduras y Colombia. Esta pr\u00e1ctica no es ajena en el Per\u00fa. La Comisi\u00f3n de la Verdad report\u00f3 al respecto casos a partir de 1983 en el que las Fuerzas Armadas reemplazaron a las Fuerzas Policiales en las tareas de control del orden interno y combate a la subversi\u00f3n en el interior del pa\u00eds. La desaparici\u00f3n forzada de personas no est\u00e1 sin embargo ligada \u00fanicamente a los casos de lucha contra el terrorismo y puede presentarse bajo distintos pretextos y matices.<\/p>\n<p style=\"text-align: justify;\">La desaparici\u00f3n forzada se&nbsp; caracteriza porque la persona es detenida o secuestrada por el Estado o por agentes que act\u00faan en su nombre y el acto de desaparici\u00f3n es seguido por una falta de informaci\u00f3n o &nbsp;negativa de reconocer la privaci\u00f3n de la libertad&nbsp; o de informar sobre el paradero de la persona, &nbsp;apart\u00e1ndola as\u00ed de la protecci\u00f3n de la ley, impidi\u00e9ndose con ello el ejercicio de los recursos legales y de los mecanismos que permitan su protecci\u00f3n. La desaparici\u00f3n forzada constituye una violaci\u00f3n de derechos humanos especialmente cruel, que afecta tanto a la persona desaparecida como a su familia y entorno m\u00e1s cercado, creando por lo dem\u00e1s un marco de zozobra e inseguridad en la sociedad.<\/p>\n<p style=\"text-align: justify;\">En el Per\u00fa, el delito de Desaparici\u00f3n Forzada de Personas se introdujo con la Ley No. 26926 de febrero del a\u00f1o 1998 que incorpor\u00f3 en el C\u00f3digo Penal el t\u00edtulo de los Delitos Contra la Humanidad, quedando a partir de entonces descrito el delito en el&nbsp; art\u00edculo 320 del C\u00f3digo Penal con el texto siguiente:<\/p>\n<p style=\"text-align: justify;\"><strong>Art\u00edculo 320.-\u201c&nbsp;<\/strong><em>El funcionario o servidor p\u00fablico que prive a una persona de su libertad, ordenando o ejecutando acciones que tenga por resultado su desaparici\u00f3n debidamente comprobada, ser\u00e1 reprimido con pena privativa de libertad no menor de quince a\u00f1os e inhabilitaci\u00f3n, conforme al Art\u00edculo 36 incisos 1) y 2)\u201d.<\/em><\/p>\n<p style=\"text-align: justify;\">La represi\u00f3n de esta pr\u00e1ctica aparece regulada por:<\/p>\n<p style=\"text-align: justify;\">\u2013&nbsp;&nbsp;&nbsp;&nbsp;&nbsp;&nbsp;&nbsp;&nbsp;&nbsp; La Convenci\u00f3n Americana contra la Desaparici\u00f3n Forzada suscrita el 22 de Noviembre de 1969 en San Jos\u00e9 de Costa Rica y ratificada por el Per\u00fa el 28 de&nbsp;Julio de 1979.<\/p>\n<p style=\"text-align: justify;\">\u2013 La Convenci\u00f3n Interamericana sobre Desaparici\u00f3n Forzada de Personas adoptada en Belem do Par\u00e1 (Brasil) el 9 de junio de 1994 y cuya entrada en vigor se dio el 28 de marzo de 1996. Per\u00fa suscribi\u00f3 dicho instrumento el 8 de &nbsp;enero de 2001 y lo ratific\u00f3 el 8 de febrero de 2002.<\/p>\n<p style=\"text-align: justify;\">\u2013 La Convenci\u00f3n Internacional&nbsp; de Protecci\u00f3n de Personas contra la Desaparici\u00f3n Forzada, aprobada por la ONU en diciembre del 2006 que se mantuvo sin ratificaci\u00f3n por el Per\u00fa hasta el Decreto Supremo No. 040-2012-RE de Octubre 2012.<\/p>\n<p style=\"text-align: justify;\">La Convenci\u00f3n recientemente aprobada por el Per\u00fa tiene especial relevancia, ya que no solo da una definici\u00f3n legal del crimen de desaparici\u00f3n forzada, &nbsp;sino que establece tambi\u00e9n una serie de obligaciones a los Estados para prevenir y perseguir este crimen a trav\u00e9s de medidas concretas. La Convenci\u00f3n reconoce en particular el derecho a la informaci\u00f3n, el derecho de conocer la verdad de las v\u00edctimas y el derecho a la justicia y a la reparaci\u00f3n.<\/p>\n<p style=\"text-align: justify;\">La Convenci\u00f3n obliga a los Estados a tomar medidas para perseguir a los autores de desaparici\u00f3n forzada cuando est\u00e1n en su territorio, determinando su competencia seg\u00fan el principio de la jurisdicci\u00f3n universal, sin tomar en cuenta las nacionalidades de las v\u00edctimas y de los presuntos autores, ni el pa\u00eds donde se cometi\u00f3 el crimen.<\/p>\n<p style=\"text-align: justify;\">No obstante que la convenci\u00f3n declara a \u00e9ste tipo de delito como un crimen de lesa humanidad, faculta a los Estados partes&nbsp; regular sobre la prescripci\u00f3n de la acci\u00f3n penal, flexibilizando el concepto de imprescriptibilidad de los delitos de lesa humanidad.<\/p>\n<p style=\"text-align: justify;\">\n<p style=\"text-align: justify;\"><a href=\"https:\/\/vasquezabogados.com\/estudio\/wp-content\/uploads\/2012\/11\/Desaparcion.png\"><img loading=\"lazy\" decoding=\"async\" class=\"aligncenter size-full wp-image-663\" title=\"Desaparcion\" src=\"https:\/\/vasquezabogados.com\/estudio\/wp-content\/uploads\/2012\/11\/Desaparcion.png\" sizes=\"auto, (max-width: 400px) 100vw, 400px\" srcset=\"https:\/\/vasquezabogados.com\/estudio\/wp-content\/uploads\/2012\/11\/Desaparcion.png 400w, https:\/\/vasquezabogados.com\/estudio\/wp-content\/uploads\/2012\/11\/Desaparcion-300x225.png 300w\" alt=\"\" width=\"400\" height=\"300\"><\/a><\/p>\n<p style=\"text-align: justify;\"><hr class=\"divider\">\n<p style=\"text-align: justify;\">Los art\u00edculos y comentarios de Derecho Penal y Procesal Penal publicados en esta p\u00e1gina, buscan contribuir al entendimiento del derecho, preparado por abogados penalistas y orientados al p\u00fablico en general en el lenguaje m\u00e1s pr\u00e1ctico posible.<\/p>\n<p style=\"text-align: justify;\"><strong>VASQUEZ | TAFUR<\/strong>&nbsp;Abogados<br \/>\nEstudio de Abogados Lima Per\u00fa<\/p>\n","protected":false},"excerpt":{"rendered":"<p>La Resoluci\u00f3n Legislativa No. 29894 del&nbsp; 06 de Julio 2012 publicada el 09 de noviembre 2012&nbsp; aprueba la Convenci\u00f3n Internacional&nbsp; Para La Protecci\u00f3n De Todas Las Personas Contra La Desaparici\u00f3n Forzada De Personas adoptada en Nueva York el 20 de Diciembre del a\u00f1o 2006 que entr\u00f3 en vigor para el Per\u00fa el 26 de Octubre [&hellip;]<\/p>\n","protected":false},"author":1,"featured_media":0,"comment_status":"open","ping_status":"open","sticky":false,"template":"","format":"standard","meta":{"footnotes":""},"categories":[288,256],"tags":[],"class_list":["post-1127","post","type-post","status-publish","format-standard","hentry","category-boletin-derecho-penal-procesal-penal","category-derecho-penal-y-procesal-penal"],"yoast_head":"<!-- This site is optimized with the Yoast SEO plugin v27.5 - https:\/\/yoast.com\/product\/yoast-seo-wordpress\/ -->\n<title>CONVENCION INTERNACIONAL PARA LA PROTECCION CONTRA LA DESAPARICION FORZADA DE PERSONAS &#8211; Vasquez I Tafur Abogados &#8211;<\/title>\n<meta name=\"robots\" content=\"index, follow, max-snippet:-1, max-image-preview:large, max-video-preview:-1\" \/>\n<link rel=\"canonical\" href=\"https:\/\/vasquezabogados.com\/estudio\/0201\/11\/21\/convencion-internacional-para-la-proteccion-contra-la-desaparicion-forzada-de-personas\/\" \/>\n<meta property=\"og:locale\" content=\"es_ES\" \/>\n<meta property=\"og:type\" content=\"article\" \/>\n<meta property=\"og:title\" content=\"CONVENCION INTERNACIONAL PARA LA PROTECCION CONTRA LA DESAPARICION FORZADA DE PERSONAS &#8211; Vasquez I Tafur Abogados &#8211;\" \/>\n<meta property=\"og:description\" content=\"La Resoluci\u00f3n Legislativa No. 29894 del&nbsp; 06 de Julio 2012 publicada el 09 de noviembre 2012&nbsp; aprueba la Convenci\u00f3n Internacional&nbsp; Para La Protecci\u00f3n De Todas Las Personas Contra La Desaparici\u00f3n Forzada De Personas adoptada en Nueva York el 20 de Diciembre del a\u00f1o 2006 que entr\u00f3 en vigor para el Per\u00fa el 26 de Octubre [&hellip;]\" \/>\n<meta property=\"og:url\" content=\"https:\/\/vasquezabogados.com\/estudio\/0201\/11\/21\/convencion-internacional-para-la-proteccion-contra-la-desaparicion-forzada-de-personas\/\" \/>\n<meta property=\"og:site_name\" content=\"Vasquez I Tafur Abogados\" \/>\n<meta property=\"article:publisher\" content=\"https:\/\/www.facebook.com\/VASQUEZ-TAFUR-Abogados-244262572262476\" \/>\n<meta property=\"article:published_time\" content=\"0201-11-21T21:23:49+00:00\" \/>\n<meta property=\"article:modified_time\" content=\"2020-06-10T01:16:14+00:00\" \/>\n<meta property=\"og:image\" content=\"http:\/\/vasquezabogados.com\/estudio\/wp-content\/uploads\/2012\/11\/Desaparcion.png\" \/>\n<meta name=\"author\" content=\"admin\" \/>\n<meta name=\"twitter:card\" content=\"summary_large_image\" \/>\n<meta name=\"twitter:label1\" content=\"Escrito por\" \/>\n\t<meta name=\"twitter:data1\" content=\"admin\" \/>\n\t<meta name=\"twitter:label2\" content=\"Tiempo de lectura\" \/>\n\t<meta name=\"twitter:data2\" content=\"4 minutos\" \/>\n<script type=\"application\/ld+json\" class=\"yoast-schema-graph\">{\"@context\":\"https:\\\/\\\/schema.org\",\"@graph\":[{\"@type\":\"Article\",\"@id\":\"https:\\\/\\\/vasquezabogados.com\\\/estudio\\\/0201\\\/11\\\/21\\\/convencion-internacional-para-la-proteccion-contra-la-desaparicion-forzada-de-personas\\\/#article\",\"isPartOf\":{\"@id\":\"https:\\\/\\\/vasquezabogados.com\\\/estudio\\\/0201\\\/11\\\/21\\\/convencion-internacional-para-la-proteccion-contra-la-desaparicion-forzada-de-personas\\\/\"},\"author\":{\"name\":\"admin\",\"@id\":\"https:\\\/\\\/vasquezabogados.com\\\/estudio\\\/#\\\/schema\\\/person\\\/4181885f3a3d5119421b30b53cb6e61b\"},\"headline\":\"CONVENCION INTERNACIONAL PARA LA PROTECCION CONTRA LA DESAPARICION FORZADA DE PERSONAS\",\"datePublished\":\"0201-11-21T21:23:49+00:00\",\"dateModified\":\"2020-06-10T01:16:14+00:00\",\"mainEntityOfPage\":{\"@id\":\"https:\\\/\\\/vasquezabogados.com\\\/estudio\\\/0201\\\/11\\\/21\\\/convencion-internacional-para-la-proteccion-contra-la-desaparicion-forzada-de-personas\\\/\"},\"wordCount\":866,\"commentCount\":0,\"image\":{\"@id\":\"https:\\\/\\\/vasquezabogados.com\\\/estudio\\\/0201\\\/11\\\/21\\\/convencion-internacional-para-la-proteccion-contra-la-desaparicion-forzada-de-personas\\\/#primaryimage\"},\"thumbnailUrl\":\"http:\\\/\\\/vasquezabogados.com\\\/estudio\\\/wp-content\\\/uploads\\\/2012\\\/11\\\/Desaparcion.png\",\"articleSection\":[\"Bolet\u00edn\",\"Derecho Penal y Procesal Penal\"],\"inLanguage\":\"es\",\"potentialAction\":[{\"@type\":\"CommentAction\",\"name\":\"Comment\",\"target\":[\"https:\\\/\\\/vasquezabogados.com\\\/estudio\\\/0201\\\/11\\\/21\\\/convencion-internacional-para-la-proteccion-contra-la-desaparicion-forzada-de-personas\\\/#respond\"]}]},{\"@type\":\"WebPage\",\"@id\":\"https:\\\/\\\/vasquezabogados.com\\\/estudio\\\/0201\\\/11\\\/21\\\/convencion-internacional-para-la-proteccion-contra-la-desaparicion-forzada-de-personas\\\/\",\"url\":\"https:\\\/\\\/vasquezabogados.com\\\/estudio\\\/0201\\\/11\\\/21\\\/convencion-internacional-para-la-proteccion-contra-la-desaparicion-forzada-de-personas\\\/\",\"name\":\"CONVENCION INTERNACIONAL PARA LA PROTECCION CONTRA LA DESAPARICION FORZADA DE PERSONAS &#8211; Vasquez I Tafur Abogados &#8211;\",\"isPartOf\":{\"@id\":\"https:\\\/\\\/vasquezabogados.com\\\/estudio\\\/#website\"},\"primaryImageOfPage\":{\"@id\":\"https:\\\/\\\/vasquezabogados.com\\\/estudio\\\/0201\\\/11\\\/21\\\/convencion-internacional-para-la-proteccion-contra-la-desaparicion-forzada-de-personas\\\/#primaryimage\"},\"image\":{\"@id\":\"https:\\\/\\\/vasquezabogados.com\\\/estudio\\\/0201\\\/11\\\/21\\\/convencion-internacional-para-la-proteccion-contra-la-desaparicion-forzada-de-personas\\\/#primaryimage\"},\"thumbnailUrl\":\"http:\\\/\\\/vasquezabogados.com\\\/estudio\\\/wp-content\\\/uploads\\\/2012\\\/11\\\/Desaparcion.png\",\"datePublished\":\"0201-11-21T21:23:49+00:00\",\"dateModified\":\"2020-06-10T01:16:14+00:00\",\"author\":{\"@id\":\"https:\\\/\\\/vasquezabogados.com\\\/estudio\\\/#\\\/schema\\\/person\\\/4181885f3a3d5119421b30b53cb6e61b\"},\"breadcrumb\":{\"@id\":\"https:\\\/\\\/vasquezabogados.com\\\/estudio\\\/0201\\\/11\\\/21\\\/convencion-internacional-para-la-proteccion-contra-la-desaparicion-forzada-de-personas\\\/#breadcrumb\"},\"inLanguage\":\"es\",\"potentialAction\":[{\"@type\":\"ReadAction\",\"target\":[\"https:\\\/\\\/vasquezabogados.com\\\/estudio\\\/0201\\\/11\\\/21\\\/convencion-internacional-para-la-proteccion-contra-la-desaparicion-forzada-de-personas\\\/\"]}]},{\"@type\":\"ImageObject\",\"inLanguage\":\"es\",\"@id\":\"https:\\\/\\\/vasquezabogados.com\\\/estudio\\\/0201\\\/11\\\/21\\\/convencion-internacional-para-la-proteccion-contra-la-desaparicion-forzada-de-personas\\\/#primaryimage\",\"url\":\"http:\\\/\\\/vasquezabogados.com\\\/estudio\\\/wp-content\\\/uploads\\\/2012\\\/11\\\/Desaparcion.png\",\"contentUrl\":\"http:\\\/\\\/vasquezabogados.com\\\/estudio\\\/wp-content\\\/uploads\\\/2012\\\/11\\\/Desaparcion.png\"},{\"@type\":\"BreadcrumbList\",\"@id\":\"https:\\\/\\\/vasquezabogados.com\\\/estudio\\\/0201\\\/11\\\/21\\\/convencion-internacional-para-la-proteccion-contra-la-desaparicion-forzada-de-personas\\\/#breadcrumb\",\"itemListElement\":[{\"@type\":\"ListItem\",\"position\":1,\"name\":\"Portada\",\"item\":\"https:\\\/\\\/vasquezabogados.com\\\/estudio\\\/\"},{\"@type\":\"ListItem\",\"position\":2,\"name\":\"CONVENCION INTERNACIONAL PARA LA PROTECCION CONTRA LA DESAPARICION FORZADA DE PERSONAS\"}]},{\"@type\":\"WebSite\",\"@id\":\"https:\\\/\\\/vasquezabogados.com\\\/estudio\\\/#website\",\"url\":\"https:\\\/\\\/vasquezabogados.com\\\/estudio\\\/\",\"name\":\"Vasquez I Tafur Abogados\",\"description\":\"\",\"potentialAction\":[{\"@type\":\"SearchAction\",\"target\":{\"@type\":\"EntryPoint\",\"urlTemplate\":\"https:\\\/\\\/vasquezabogados.com\\\/estudio\\\/?s={search_term_string}\"},\"query-input\":{\"@type\":\"PropertyValueSpecification\",\"valueRequired\":true,\"valueName\":\"search_term_string\"}}],\"inLanguage\":\"es\"},{\"@type\":\"Person\",\"@id\":\"https:\\\/\\\/vasquezabogados.com\\\/estudio\\\/#\\\/schema\\\/person\\\/4181885f3a3d5119421b30b53cb6e61b\",\"name\":\"admin\",\"image\":{\"@type\":\"ImageObject\",\"inLanguage\":\"es\",\"@id\":\"https:\\\/\\\/secure.gravatar.com\\\/avatar\\\/216cf7bced2d771045096aefbe16ae6ccfb6e60d3d5bf76ee889a4e395f708b6?s=96&d=mm&r=g\",\"url\":\"https:\\\/\\\/secure.gravatar.com\\\/avatar\\\/216cf7bced2d771045096aefbe16ae6ccfb6e60d3d5bf76ee889a4e395f708b6?s=96&d=mm&r=g\",\"contentUrl\":\"https:\\\/\\\/secure.gravatar.com\\\/avatar\\\/216cf7bced2d771045096aefbe16ae6ccfb6e60d3d5bf76ee889a4e395f708b6?s=96&d=mm&r=g\",\"caption\":\"admin\"},\"url\":\"https:\\\/\\\/vasquezabogados.com\\\/estudio\\\/author\\\/admin\\\/\"}]}<\/script>\n<!-- \/ Yoast SEO plugin. -->","yoast_head_json":{"title":"CONVENCION INTERNACIONAL PARA LA PROTECCION CONTRA LA DESAPARICION FORZADA DE PERSONAS &#8211; Vasquez I Tafur Abogados &#8211;","robots":{"index":"index","follow":"follow","max-snippet":"max-snippet:-1","max-image-preview":"max-image-preview:large","max-video-preview":"max-video-preview:-1"},"canonical":"https:\/\/vasquezabogados.com\/estudio\/0201\/11\/21\/convencion-internacional-para-la-proteccion-contra-la-desaparicion-forzada-de-personas\/","og_locale":"es_ES","og_type":"article","og_title":"CONVENCION INTERNACIONAL PARA LA PROTECCION CONTRA LA DESAPARICION FORZADA DE PERSONAS &#8211; Vasquez I Tafur Abogados &#8211;","og_description":"La Resoluci\u00f3n Legislativa No. 29894 del&nbsp; 06 de Julio 2012 publicada el 09 de noviembre 2012&nbsp; aprueba la Convenci\u00f3n Internacional&nbsp; Para La Protecci\u00f3n De Todas Las Personas Contra La Desaparici\u00f3n Forzada De Personas adoptada en Nueva York el 20 de Diciembre del a\u00f1o 2006 que entr\u00f3 en vigor para el Per\u00fa el 26 de Octubre [&hellip;]","og_url":"https:\/\/vasquezabogados.com\/estudio\/0201\/11\/21\/convencion-internacional-para-la-proteccion-contra-la-desaparicion-forzada-de-personas\/","og_site_name":"Vasquez I Tafur Abogados","article_publisher":"https:\/\/www.facebook.com\/VASQUEZ-TAFUR-Abogados-244262572262476","article_published_time":"0201-11-21T21:23:49+00:00","article_modified_time":"2020-06-10T01:16:14+00:00","og_image":[{"url":"http:\/\/vasquezabogados.com\/estudio\/wp-content\/uploads\/2012\/11\/Desaparcion.png","type":"","width":"","height":""}],"author":"admin","twitter_card":"summary_large_image","twitter_misc":{"Escrito por":"admin","Tiempo de lectura":"4 minutos"},"schema":{"@context":"https:\/\/schema.org","@graph":[{"@type":"Article","@id":"https:\/\/vasquezabogados.com\/estudio\/0201\/11\/21\/convencion-internacional-para-la-proteccion-contra-la-desaparicion-forzada-de-personas\/#article","isPartOf":{"@id":"https:\/\/vasquezabogados.com\/estudio\/0201\/11\/21\/convencion-internacional-para-la-proteccion-contra-la-desaparicion-forzada-de-personas\/"},"author":{"name":"admin","@id":"https:\/\/vasquezabogados.com\/estudio\/#\/schema\/person\/4181885f3a3d5119421b30b53cb6e61b"},"headline":"CONVENCION INTERNACIONAL PARA LA PROTECCION CONTRA LA DESAPARICION FORZADA DE PERSONAS","datePublished":"0201-11-21T21:23:49+00:00","dateModified":"2020-06-10T01:16:14+00:00","mainEntityOfPage":{"@id":"https:\/\/vasquezabogados.com\/estudio\/0201\/11\/21\/convencion-internacional-para-la-proteccion-contra-la-desaparicion-forzada-de-personas\/"},"wordCount":866,"commentCount":0,"image":{"@id":"https:\/\/vasquezabogados.com\/estudio\/0201\/11\/21\/convencion-internacional-para-la-proteccion-contra-la-desaparicion-forzada-de-personas\/#primaryimage"},"thumbnailUrl":"http:\/\/vasquezabogados.com\/estudio\/wp-content\/uploads\/2012\/11\/Desaparcion.png","articleSection":["Bolet\u00edn","Derecho Penal y Procesal Penal"],"inLanguage":"es","potentialAction":[{"@type":"CommentAction","name":"Comment","target":["https:\/\/vasquezabogados.com\/estudio\/0201\/11\/21\/convencion-internacional-para-la-proteccion-contra-la-desaparicion-forzada-de-personas\/#respond"]}]},{"@type":"WebPage","@id":"https:\/\/vasquezabogados.com\/estudio\/0201\/11\/21\/convencion-internacional-para-la-proteccion-contra-la-desaparicion-forzada-de-personas\/","url":"https:\/\/vasquezabogados.com\/estudio\/0201\/11\/21\/convencion-internacional-para-la-proteccion-contra-la-desaparicion-forzada-de-personas\/","name":"CONVENCION INTERNACIONAL PARA LA PROTECCION CONTRA LA DESAPARICION FORZADA DE PERSONAS &#8211; Vasquez I Tafur Abogados &#8211;","isPartOf":{"@id":"https:\/\/vasquezabogados.com\/estudio\/#website"},"primaryImageOfPage":{"@id":"https:\/\/vasquezabogados.com\/estudio\/0201\/11\/21\/convencion-internacional-para-la-proteccion-contra-la-desaparicion-forzada-de-personas\/#primaryimage"},"image":{"@id":"https:\/\/vasquezabogados.com\/estudio\/0201\/11\/21\/convencion-internacional-para-la-proteccion-contra-la-desaparicion-forzada-de-personas\/#primaryimage"},"thumbnailUrl":"http:\/\/vasquezabogados.com\/estudio\/wp-content\/uploads\/2012\/11\/Desaparcion.png","datePublished":"0201-11-21T21:23:49+00:00","dateModified":"2020-06-10T01:16:14+00:00","author":{"@id":"https:\/\/vasquezabogados.com\/estudio\/#\/schema\/person\/4181885f3a3d5119421b30b53cb6e61b"},"breadcrumb":{"@id":"https:\/\/vasquezabogados.com\/estudio\/0201\/11\/21\/convencion-internacional-para-la-proteccion-contra-la-desaparicion-forzada-de-personas\/#breadcrumb"},"inLanguage":"es","potentialAction":[{"@type":"ReadAction","target":["https:\/\/vasquezabogados.com\/estudio\/0201\/11\/21\/convencion-internacional-para-la-proteccion-contra-la-desaparicion-forzada-de-personas\/"]}]},{"@type":"ImageObject","inLanguage":"es","@id":"https:\/\/vasquezabogados.com\/estudio\/0201\/11\/21\/convencion-internacional-para-la-proteccion-contra-la-desaparicion-forzada-de-personas\/#primaryimage","url":"http:\/\/vasquezabogados.com\/estudio\/wp-content\/uploads\/2012\/11\/Desaparcion.png","contentUrl":"http:\/\/vasquezabogados.com\/estudio\/wp-content\/uploads\/2012\/11\/Desaparcion.png"},{"@type":"BreadcrumbList","@id":"https:\/\/vasquezabogados.com\/estudio\/0201\/11\/21\/convencion-internacional-para-la-proteccion-contra-la-desaparicion-forzada-de-personas\/#breadcrumb","itemListElement":[{"@type":"ListItem","position":1,"name":"Portada","item":"https:\/\/vasquezabogados.com\/estudio\/"},{"@type":"ListItem","position":2,"name":"CONVENCION INTERNACIONAL PARA LA PROTECCION CONTRA LA DESAPARICION FORZADA DE PERSONAS"}]},{"@type":"WebSite","@id":"https:\/\/vasquezabogados.com\/estudio\/#website","url":"https:\/\/vasquezabogados.com\/estudio\/","name":"Vasquez I Tafur Abogados","description":"","potentialAction":[{"@type":"SearchAction","target":{"@type":"EntryPoint","urlTemplate":"https:\/\/vasquezabogados.com\/estudio\/?s={search_term_string}"},"query-input":{"@type":"PropertyValueSpecification","valueRequired":true,"valueName":"search_term_string"}}],"inLanguage":"es"},{"@type":"Person","@id":"https:\/\/vasquezabogados.com\/estudio\/#\/schema\/person\/4181885f3a3d5119421b30b53cb6e61b","name":"admin","image":{"@type":"ImageObject","inLanguage":"es","@id":"https:\/\/secure.gravatar.com\/avatar\/216cf7bced2d771045096aefbe16ae6ccfb6e60d3d5bf76ee889a4e395f708b6?s=96&d=mm&r=g","url":"https:\/\/secure.gravatar.com\/avatar\/216cf7bced2d771045096aefbe16ae6ccfb6e60d3d5bf76ee889a4e395f708b6?s=96&d=mm&r=g","contentUrl":"https:\/\/secure.gravatar.com\/avatar\/216cf7bced2d771045096aefbe16ae6ccfb6e60d3d5bf76ee889a4e395f708b6?s=96&d=mm&r=g","caption":"admin"},"url":"https:\/\/vasquezabogados.com\/estudio\/author\/admin\/"}]}},"_links":{"self":[{"href":"https:\/\/vasquezabogados.com\/estudio\/wp-json\/wp\/v2\/posts\/1127","targetHints":{"allow":["GET"]}}],"collection":[{"href":"https:\/\/vasquezabogados.com\/estudio\/wp-json\/wp\/v2\/posts"}],"about":[{"href":"https:\/\/vasquezabogados.com\/estudio\/wp-json\/wp\/v2\/types\/post"}],"author":[{"embeddable":true,"href":"https:\/\/vasquezabogados.com\/estudio\/wp-json\/wp\/v2\/users\/1"}],"replies":[{"embeddable":true,"href":"https:\/\/vasquezabogados.com\/estudio\/wp-json\/wp\/v2\/comments?post=1127"}],"version-history":[{"count":3,"href":"https:\/\/vasquezabogados.com\/estudio\/wp-json\/wp\/v2\/posts\/1127\/revisions"}],"predecessor-version":[{"id":1500,"href":"https:\/\/vasquezabogados.com\/estudio\/wp-json\/wp\/v2\/posts\/1127\/revisions\/1500"}],"wp:attachment":[{"href":"https:\/\/vasquezabogados.com\/estudio\/wp-json\/wp\/v2\/media?parent=1127"}],"wp:term":[{"taxonomy":"category","embeddable":true,"href":"https:\/\/vasquezabogados.com\/estudio\/wp-json\/wp\/v2\/categories?post=1127"},{"taxonomy":"post_tag","embeddable":true,"href":"https:\/\/vasquezabogados.com\/estudio\/wp-json\/wp\/v2\/tags?post=1127"}],"curies":[{"name":"wp","href":"https:\/\/api.w.org\/{rel}","templated":true}]}}