{"id":1113,"date":"2012-10-29T17:02:56","date_gmt":"2012-10-29T17:02:56","guid":{"rendered":"http:\/\/vasquezabogados.com\/estudio\/?p=1113"},"modified":"2020-06-10T00:26:06","modified_gmt":"2020-06-10T00:26:06","slug":"acuerdo-plenario-no-2-2011-sobre-plazo-de-prescripcion","status":"publish","type":"post","link":"https:\/\/vasquezabogados.com\/estudio\/2012\/10\/29\/acuerdo-plenario-no-2-2011-sobre-plazo-de-prescripcion\/","title":{"rendered":"ACUERDO PLENARIO NO.2-2011 SOBRE PLAZO DE PRESCRIPCI\u00d3N"},"content":{"rendered":"<p style=\"text-align: justify;\">Interpretan con car\u00e1cter vinculante la aplicaci\u00f3n de duplicidad del plazo de la prescripci\u00f3n en los delitos cometidos por funcionarios p\u00fablicos contra el patrimonio del Estado, estableciendo que la duplicidad del plazo no puede aplicarse a los particulares considerados en &nbsp;el delito como &nbsp;extraneus.<\/p>\n<p style=\"text-align: justify;\"><hr class=\"divider\">\n<p style=\"text-align: justify;\">Se consignan en esta secci\u00f3n la publicaci\u00f3n de normas, acuerdos plenarios, circulares&nbsp; y otros dispositivos&nbsp; de importancia para la pr\u00e1ctica del derecho penal y procesal penal. La fecha de publicaci\u00f3n anotada es la correspondiente a la fecha de publicaci\u00f3n en el Diario Oficial El Peruano.<\/p>\n<p style=\"text-align: justify;\"><strong>VASQUEZ | TAFUR<\/strong>&nbsp;Abogados<br \/>\nEstudio de Abogados Lima Per\u00fa<\/p>\n","protected":false},"excerpt":{"rendered":"<p>Interpretan con car\u00e1cter vinculante la aplicaci\u00f3n de duplicidad del plazo de la prescripci\u00f3n en los delitos cometidos por funcionarios p\u00fablicos contra el patrimonio del Estado, estableciendo que la duplicidad del plazo no puede aplicarse a los particulares considerados en &nbsp;el delito como &nbsp;extraneus. Se consignan en esta secci\u00f3n la publicaci\u00f3n de normas, acuerdos plenarios, circulares&nbsp; [&hellip;]<\/p>\n","protected":false},"author":1,"featured_media":0,"comment_status":"open","ping_status":"open","sticky":false,"template":"","format":"standard","meta":{"footnotes":""},"categories":[288,256],"tags":[],"class_list":["post-1113","post","type-post","status-publish","format-standard","hentry","category-boletin-derecho-penal-procesal-penal","category-derecho-penal-y-procesal-penal"],"yoast_head":"<!-- This site is optimized with the Yoast SEO plugin v27.5 - https:\/\/yoast.com\/product\/yoast-seo-wordpress\/ -->\n<title>ACUERDO PLENARIO NO.2-2011 SOBRE PLAZO DE PRESCRIPCI\u00d3N &#8211; Vasquez I Tafur Abogados &#8211;<\/title>\n<meta name=\"robots\" content=\"index, follow, max-snippet:-1, max-image-preview:large, max-video-preview:-1\" \/>\n<link rel=\"canonical\" href=\"https:\/\/vasquezabogados.com\/estudio\/2012\/10\/29\/acuerdo-plenario-no-2-2011-sobre-plazo-de-prescripcion\/\" \/>\n<meta property=\"og:locale\" content=\"es_ES\" \/>\n<meta property=\"og:type\" content=\"article\" \/>\n<meta property=\"og:title\" content=\"ACUERDO PLENARIO NO.2-2011 SOBRE PLAZO DE PRESCRIPCI\u00d3N &#8211; Vasquez I Tafur Abogados &#8211;\" \/>\n<meta property=\"og:description\" content=\"Interpretan con car\u00e1cter vinculante la aplicaci\u00f3n de duplicidad del plazo de la prescripci\u00f3n en los delitos cometidos por funcionarios p\u00fablicos contra el patrimonio del Estado, estableciendo que la duplicidad del plazo no puede aplicarse a los particulares considerados en &nbsp;el delito como &nbsp;extraneus. Se consignan en esta secci\u00f3n la publicaci\u00f3n de normas, acuerdos plenarios, circulares&nbsp; [&hellip;]\" \/>\n<meta property=\"og:url\" content=\"https:\/\/vasquezabogados.com\/estudio\/2012\/10\/29\/acuerdo-plenario-no-2-2011-sobre-plazo-de-prescripcion\/\" \/>\n<meta property=\"og:site_name\" content=\"Vasquez I Tafur Abogados\" \/>\n<meta property=\"article:publisher\" content=\"https:\/\/www.facebook.com\/VASQUEZ-TAFUR-Abogados-244262572262476\" \/>\n<meta property=\"article:published_time\" content=\"2012-10-29T17:02:56+00:00\" \/>\n<meta property=\"article:modified_time\" content=\"2020-06-10T00:26:06+00:00\" \/>\n<meta name=\"author\" content=\"admin\" \/>\n<meta name=\"twitter:card\" content=\"summary_large_image\" \/>\n<meta name=\"twitter:label1\" content=\"Escrito por\" \/>\n\t<meta name=\"twitter:data1\" content=\"admin\" \/>\n\t<meta name=\"twitter:label2\" content=\"Tiempo de lectura\" \/>\n\t<meta name=\"twitter:data2\" content=\"1 minuto\" \/>\n<script type=\"application\/ld+json\" class=\"yoast-schema-graph\">{\"@context\":\"https:\\\/\\\/schema.org\",\"@graph\":[{\"@type\":\"Article\",\"@id\":\"https:\\\/\\\/vasquezabogados.com\\\/estudio\\\/2012\\\/10\\\/29\\\/acuerdo-plenario-no-2-2011-sobre-plazo-de-prescripcion\\\/#article\",\"isPartOf\":{\"@id\":\"https:\\\/\\\/vasquezabogados.com\\\/estudio\\\/2012\\\/10\\\/29\\\/acuerdo-plenario-no-2-2011-sobre-plazo-de-prescripcion\\\/\"},\"author\":{\"name\":\"admin\",\"@id\":\"https:\\\/\\\/vasquezabogados.com\\\/estudio\\\/#\\\/schema\\\/person\\\/4181885f3a3d5119421b30b53cb6e61b\"},\"headline\":\"ACUERDO PLENARIO NO.2-2011 SOBRE PLAZO DE PRESCRIPCI\u00d3N\",\"datePublished\":\"2012-10-29T17:02:56+00:00\",\"dateModified\":\"2020-06-10T00:26:06+00:00\",\"mainEntityOfPage\":{\"@id\":\"https:\\\/\\\/vasquezabogados.com\\\/estudio\\\/2012\\\/10\\\/29\\\/acuerdo-plenario-no-2-2011-sobre-plazo-de-prescripcion\\\/\"},\"wordCount\":123,\"commentCount\":0,\"articleSection\":[\"Bolet\u00edn\",\"Derecho Penal y Procesal Penal\"],\"inLanguage\":\"es\",\"potentialAction\":[{\"@type\":\"CommentAction\",\"name\":\"Comment\",\"target\":[\"https:\\\/\\\/vasquezabogados.com\\\/estudio\\\/2012\\\/10\\\/29\\\/acuerdo-plenario-no-2-2011-sobre-plazo-de-prescripcion\\\/#respond\"]}]},{\"@type\":\"WebPage\",\"@id\":\"https:\\\/\\\/vasquezabogados.com\\\/estudio\\\/2012\\\/10\\\/29\\\/acuerdo-plenario-no-2-2011-sobre-plazo-de-prescripcion\\\/\",\"url\":\"https:\\\/\\\/vasquezabogados.com\\\/estudio\\\/2012\\\/10\\\/29\\\/acuerdo-plenario-no-2-2011-sobre-plazo-de-prescripcion\\\/\",\"name\":\"ACUERDO PLENARIO NO.2-2011 SOBRE PLAZO DE PRESCRIPCI\u00d3N &#8211; Vasquez I Tafur Abogados &#8211;\",\"isPartOf\":{\"@id\":\"https:\\\/\\\/vasquezabogados.com\\\/estudio\\\/#website\"},\"datePublished\":\"2012-10-29T17:02:56+00:00\",\"dateModified\":\"2020-06-10T00:26:06+00:00\",\"author\":{\"@id\":\"https:\\\/\\\/vasquezabogados.com\\\/estudio\\\/#\\\/schema\\\/person\\\/4181885f3a3d5119421b30b53cb6e61b\"},\"breadcrumb\":{\"@id\":\"https:\\\/\\\/vasquezabogados.com\\\/estudio\\\/2012\\\/10\\\/29\\\/acuerdo-plenario-no-2-2011-sobre-plazo-de-prescripcion\\\/#breadcrumb\"},\"inLanguage\":\"es\",\"potentialAction\":[{\"@type\":\"ReadAction\",\"target\":[\"https:\\\/\\\/vasquezabogados.com\\\/estudio\\\/2012\\\/10\\\/29\\\/acuerdo-plenario-no-2-2011-sobre-plazo-de-prescripcion\\\/\"]}]},{\"@type\":\"BreadcrumbList\",\"@id\":\"https:\\\/\\\/vasquezabogados.com\\\/estudio\\\/2012\\\/10\\\/29\\\/acuerdo-plenario-no-2-2011-sobre-plazo-de-prescripcion\\\/#breadcrumb\",\"itemListElement\":[{\"@type\":\"ListItem\",\"position\":1,\"name\":\"Portada\",\"item\":\"https:\\\/\\\/vasquezabogados.com\\\/estudio\\\/\"},{\"@type\":\"ListItem\",\"position\":2,\"name\":\"ACUERDO PLENARIO NO.2-2011 SOBRE PLAZO DE PRESCRIPCI\u00d3N\"}]},{\"@type\":\"WebSite\",\"@id\":\"https:\\\/\\\/vasquezabogados.com\\\/estudio\\\/#website\",\"url\":\"https:\\\/\\\/vasquezabogados.com\\\/estudio\\\/\",\"name\":\"Vasquez I Tafur Abogados\",\"description\":\"\",\"potentialAction\":[{\"@type\":\"SearchAction\",\"target\":{\"@type\":\"EntryPoint\",\"urlTemplate\":\"https:\\\/\\\/vasquezabogados.com\\\/estudio\\\/?s={search_term_string}\"},\"query-input\":{\"@type\":\"PropertyValueSpecification\",\"valueRequired\":true,\"valueName\":\"search_term_string\"}}],\"inLanguage\":\"es\"},{\"@type\":\"Person\",\"@id\":\"https:\\\/\\\/vasquezabogados.com\\\/estudio\\\/#\\\/schema\\\/person\\\/4181885f3a3d5119421b30b53cb6e61b\",\"name\":\"admin\",\"image\":{\"@type\":\"ImageObject\",\"inLanguage\":\"es\",\"@id\":\"https:\\\/\\\/secure.gravatar.com\\\/avatar\\\/216cf7bced2d771045096aefbe16ae6ccfb6e60d3d5bf76ee889a4e395f708b6?s=96&d=mm&r=g\",\"url\":\"https:\\\/\\\/secure.gravatar.com\\\/avatar\\\/216cf7bced2d771045096aefbe16ae6ccfb6e60d3d5bf76ee889a4e395f708b6?s=96&d=mm&r=g\",\"contentUrl\":\"https:\\\/\\\/secure.gravatar.com\\\/avatar\\\/216cf7bced2d771045096aefbe16ae6ccfb6e60d3d5bf76ee889a4e395f708b6?s=96&d=mm&r=g\",\"caption\":\"admin\"},\"url\":\"https:\\\/\\\/vasquezabogados.com\\\/estudio\\\/author\\\/admin\\\/\"}]}<\/script>\n<!-- \/ Yoast SEO plugin. -->","yoast_head_json":{"title":"ACUERDO PLENARIO NO.2-2011 SOBRE PLAZO DE PRESCRIPCI\u00d3N &#8211; Vasquez I Tafur Abogados &#8211;","robots":{"index":"index","follow":"follow","max-snippet":"max-snippet:-1","max-image-preview":"max-image-preview:large","max-video-preview":"max-video-preview:-1"},"canonical":"https:\/\/vasquezabogados.com\/estudio\/2012\/10\/29\/acuerdo-plenario-no-2-2011-sobre-plazo-de-prescripcion\/","og_locale":"es_ES","og_type":"article","og_title":"ACUERDO PLENARIO NO.2-2011 SOBRE PLAZO DE PRESCRIPCI\u00d3N &#8211; Vasquez I Tafur Abogados &#8211;","og_description":"Interpretan con car\u00e1cter vinculante la aplicaci\u00f3n de duplicidad del plazo de la prescripci\u00f3n en los delitos cometidos por funcionarios p\u00fablicos contra el patrimonio del Estado, estableciendo que la duplicidad del plazo no puede aplicarse a los particulares considerados en &nbsp;el delito como &nbsp;extraneus. Se consignan en esta secci\u00f3n la publicaci\u00f3n de normas, acuerdos plenarios, circulares&nbsp; [&hellip;]","og_url":"https:\/\/vasquezabogados.com\/estudio\/2012\/10\/29\/acuerdo-plenario-no-2-2011-sobre-plazo-de-prescripcion\/","og_site_name":"Vasquez I Tafur Abogados","article_publisher":"https:\/\/www.facebook.com\/VASQUEZ-TAFUR-Abogados-244262572262476","article_published_time":"2012-10-29T17:02:56+00:00","article_modified_time":"2020-06-10T00:26:06+00:00","author":"admin","twitter_card":"summary_large_image","twitter_misc":{"Escrito por":"admin","Tiempo de lectura":"1 minuto"},"schema":{"@context":"https:\/\/schema.org","@graph":[{"@type":"Article","@id":"https:\/\/vasquezabogados.com\/estudio\/2012\/10\/29\/acuerdo-plenario-no-2-2011-sobre-plazo-de-prescripcion\/#article","isPartOf":{"@id":"https:\/\/vasquezabogados.com\/estudio\/2012\/10\/29\/acuerdo-plenario-no-2-2011-sobre-plazo-de-prescripcion\/"},"author":{"name":"admin","@id":"https:\/\/vasquezabogados.com\/estudio\/#\/schema\/person\/4181885f3a3d5119421b30b53cb6e61b"},"headline":"ACUERDO PLENARIO NO.2-2011 SOBRE PLAZO DE PRESCRIPCI\u00d3N","datePublished":"2012-10-29T17:02:56+00:00","dateModified":"2020-06-10T00:26:06+00:00","mainEntityOfPage":{"@id":"https:\/\/vasquezabogados.com\/estudio\/2012\/10\/29\/acuerdo-plenario-no-2-2011-sobre-plazo-de-prescripcion\/"},"wordCount":123,"commentCount":0,"articleSection":["Bolet\u00edn","Derecho Penal y Procesal Penal"],"inLanguage":"es","potentialAction":[{"@type":"CommentAction","name":"Comment","target":["https:\/\/vasquezabogados.com\/estudio\/2012\/10\/29\/acuerdo-plenario-no-2-2011-sobre-plazo-de-prescripcion\/#respond"]}]},{"@type":"WebPage","@id":"https:\/\/vasquezabogados.com\/estudio\/2012\/10\/29\/acuerdo-plenario-no-2-2011-sobre-plazo-de-prescripcion\/","url":"https:\/\/vasquezabogados.com\/estudio\/2012\/10\/29\/acuerdo-plenario-no-2-2011-sobre-plazo-de-prescripcion\/","name":"ACUERDO PLENARIO NO.2-2011 SOBRE PLAZO DE PRESCRIPCI\u00d3N &#8211; Vasquez I Tafur Abogados &#8211;","isPartOf":{"@id":"https:\/\/vasquezabogados.com\/estudio\/#website"},"datePublished":"2012-10-29T17:02:56+00:00","dateModified":"2020-06-10T00:26:06+00:00","author":{"@id":"https:\/\/vasquezabogados.com\/estudio\/#\/schema\/person\/4181885f3a3d5119421b30b53cb6e61b"},"breadcrumb":{"@id":"https:\/\/vasquezabogados.com\/estudio\/2012\/10\/29\/acuerdo-plenario-no-2-2011-sobre-plazo-de-prescripcion\/#breadcrumb"},"inLanguage":"es","potentialAction":[{"@type":"ReadAction","target":["https:\/\/vasquezabogados.com\/estudio\/2012\/10\/29\/acuerdo-plenario-no-2-2011-sobre-plazo-de-prescripcion\/"]}]},{"@type":"BreadcrumbList","@id":"https:\/\/vasquezabogados.com\/estudio\/2012\/10\/29\/acuerdo-plenario-no-2-2011-sobre-plazo-de-prescripcion\/#breadcrumb","itemListElement":[{"@type":"ListItem","position":1,"name":"Portada","item":"https:\/\/vasquezabogados.com\/estudio\/"},{"@type":"ListItem","position":2,"name":"ACUERDO PLENARIO NO.2-2011 SOBRE PLAZO DE PRESCRIPCI\u00d3N"}]},{"@type":"WebSite","@id":"https:\/\/vasquezabogados.com\/estudio\/#website","url":"https:\/\/vasquezabogados.com\/estudio\/","name":"Vasquez I Tafur Abogados","description":"","potentialAction":[{"@type":"SearchAction","target":{"@type":"EntryPoint","urlTemplate":"https:\/\/vasquezabogados.com\/estudio\/?s={search_term_string}"},"query-input":{"@type":"PropertyValueSpecification","valueRequired":true,"valueName":"search_term_string"}}],"inLanguage":"es"},{"@type":"Person","@id":"https:\/\/vasquezabogados.com\/estudio\/#\/schema\/person\/4181885f3a3d5119421b30b53cb6e61b","name":"admin","image":{"@type":"ImageObject","inLanguage":"es","@id":"https:\/\/secure.gravatar.com\/avatar\/216cf7bced2d771045096aefbe16ae6ccfb6e60d3d5bf76ee889a4e395f708b6?s=96&d=mm&r=g","url":"https:\/\/secure.gravatar.com\/avatar\/216cf7bced2d771045096aefbe16ae6ccfb6e60d3d5bf76ee889a4e395f708b6?s=96&d=mm&r=g","contentUrl":"https:\/\/secure.gravatar.com\/avatar\/216cf7bced2d771045096aefbe16ae6ccfb6e60d3d5bf76ee889a4e395f708b6?s=96&d=mm&r=g","caption":"admin"},"url":"https:\/\/vasquezabogados.com\/estudio\/author\/admin\/"}]}},"_links":{"self":[{"href":"https:\/\/vasquezabogados.com\/estudio\/wp-json\/wp\/v2\/posts\/1113","targetHints":{"allow":["GET"]}}],"collection":[{"href":"https:\/\/vasquezabogados.com\/estudio\/wp-json\/wp\/v2\/posts"}],"about":[{"href":"https:\/\/vasquezabogados.com\/estudio\/wp-json\/wp\/v2\/types\/post"}],"author":[{"embeddable":true,"href":"https:\/\/vasquezabogados.com\/estudio\/wp-json\/wp\/v2\/users\/1"}],"replies":[{"embeddable":true,"href":"https:\/\/vasquezabogados.com\/estudio\/wp-json\/wp\/v2\/comments?post=1113"}],"version-history":[{"count":3,"href":"https:\/\/vasquezabogados.com\/estudio\/wp-json\/wp\/v2\/posts\/1113\/revisions"}],"predecessor-version":[{"id":1485,"href":"https:\/\/vasquezabogados.com\/estudio\/wp-json\/wp\/v2\/posts\/1113\/revisions\/1485"}],"wp:attachment":[{"href":"https:\/\/vasquezabogados.com\/estudio\/wp-json\/wp\/v2\/media?parent=1113"}],"wp:term":[{"taxonomy":"category","embeddable":true,"href":"https:\/\/vasquezabogados.com\/estudio\/wp-json\/wp\/v2\/categories?post=1113"},{"taxonomy":"post_tag","embeddable":true,"href":"https:\/\/vasquezabogados.com\/estudio\/wp-json\/wp\/v2\/tags?post=1113"}],"curies":[{"name":"wp","href":"https:\/\/api.w.org\/{rel}","templated":true}]}}